{"id":1,"date":"2023-06-12T12:03:04","date_gmt":"2023-06-12T10:03:04","guid":{"rendered":"http:\/\/wordpress2220580.home.pl\/autoinstalator\/wordpressplugins6\/?p=1"},"modified":"2023-06-12T12:03:04","modified_gmt":"2023-06-12T10:03:04","slug":"witaj-swiecie","status":"publish","type":"post","link":"https:\/\/galakomediowa.pl\/index.php\/2023\/06\/12\/witaj-swiecie\/","title":{"rendered":"Witaj, \u015bwiecie!"},"content":{"rendered":"\n<p>Witamy w WordPressie. To jest tw\u00f3j pierwszy wpis. Edytuj go lub usu\u0144, a nast\u0119pnie zacznij pisa\u0107!<\/p>\n","protected":false},"excerpt":{"rendered":"<p>Witamy w WordPressie. To jest tw\u00f3j pierwszy wpis. Edytuj go lub usu\u0144, a nast\u0119pnie zacznij pisa\u0107!<\/p>\n","protected":false},"author":1,"featured_media":0,"comment_status":"open","ping_status":"open","sticky":false,"template":"","format":"standard","meta":{"footnotes":""},"categories":[1],"tags":[],"class_list":["post-1","post","type-post","status-publish","format-standard","hentry","category-bez-kategorii"],"yoast_head":"<!-- This site is optimized with the Yoast SEO plugin v25.0 - https:\/\/yoast.com\/wordpress\/plugins\/seo\/ -->\n<title>Witaj, \u015bwiecie! - Komediowa Gala Charytatywna<\/title>\n<meta name=\"robots\" content=\"index, follow, max-snippet:-1, max-image-preview:large, max-video-preview:-1\" \/>\n<link rel=\"canonical\" href=\"https:\/\/galakomediowa.pl\/index.php\/2023\/06\/12\/witaj-swiecie\/\" \/>\n<meta property=\"og:locale\" content=\"pl_PL\" \/>\n<meta property=\"og:type\" content=\"article\" \/>\n<meta property=\"og:title\" content=\"Witaj, \u015bwiecie! - Komediowa Gala Charytatywna\" \/>\n<meta property=\"og:description\" content=\"Witamy w WordPressie. To jest tw\u00f3j pierwszy wpis. Edytuj go lub usu\u0144, a nast\u0119pnie zacznij pisa\u0107!\" \/>\n<meta property=\"og:url\" content=\"https:\/\/galakomediowa.pl\/index.php\/2023\/06\/12\/witaj-swiecie\/\" \/>\n<meta property=\"og:site_name\" content=\"Komediowa Gala Charytatywna\" \/>\n<meta property=\"article:publisher\" content=\"https:\/\/www.facebook.com\/WystarczyChciecPL\" \/>\n<meta property=\"article:published_time\" content=\"2023-06-12T10:03:04+00:00\" \/>\n<meta name=\"author\" content=\"zaodrze\" \/>\n<meta name=\"twitter:card\" content=\"summary_large_image\" \/>\n<meta name=\"twitter:label1\" content=\"Napisane przez\" \/>\n\t<meta name=\"twitter:data1\" content=\"zaodrze\" \/>\n<script type=\"application\/ld+json\" class=\"yoast-schema-graph\">{\"@context\":\"https:\/\/schema.org\",\"@graph\":[{\"@type\":\"Article\",\"@id\":\"https:\/\/galakomediowa.pl\/index.php\/2023\/06\/12\/witaj-swiecie\/#article\",\"isPartOf\":{\"@id\":\"https:\/\/galakomediowa.pl\/index.php\/2023\/06\/12\/witaj-swiecie\/\"},\"author\":{\"name\":\"zaodrze\",\"@id\":\"https:\/\/galakomediowa.pl\/#\/schema\/person\/a21df505c5c594ddda2eee30ba466dd1\"},\"headline\":\"Witaj, \u015bwiecie!\",\"datePublished\":\"2023-06-12T10:03:04+00:00\",\"mainEntityOfPage\":{\"@id\":\"https:\/\/galakomediowa.pl\/index.php\/2023\/06\/12\/witaj-swiecie\/\"},\"wordCount\":20,\"commentCount\":1,\"publisher\":{\"@id\":\"https:\/\/galakomediowa.pl\/#organization\"},\"inLanguage\":\"pl-PL\",\"potentialAction\":[{\"@type\":\"CommentAction\",\"name\":\"Comment\",\"target\":[\"https:\/\/galakomediowa.pl\/index.php\/2023\/06\/12\/witaj-swiecie\/#respond\"]}]},{\"@type\":\"WebPage\",\"@id\":\"https:\/\/galakomediowa.pl\/index.php\/2023\/06\/12\/witaj-swiecie\/\",\"url\":\"https:\/\/galakomediowa.pl\/index.php\/2023\/06\/12\/witaj-swiecie\/\",\"name\":\"Witaj, \u015bwiecie! - Komediowa Gala Charytatywna\",\"isPartOf\":{\"@id\":\"https:\/\/galakomediowa.pl\/#website\"},\"datePublished\":\"2023-06-12T10:03:04+00:00\",\"breadcrumb\":{\"@id\":\"https:\/\/galakomediowa.pl\/index.php\/2023\/06\/12\/witaj-swiecie\/#breadcrumb\"},\"inLanguage\":\"pl-PL\",\"potentialAction\":[{\"@type\":\"ReadAction\",\"target\":[\"https:\/\/galakomediowa.pl\/index.php\/2023\/06\/12\/witaj-swiecie\/\"]}]},{\"@type\":\"BreadcrumbList\",\"@id\":\"https:\/\/galakomediowa.pl\/index.php\/2023\/06\/12\/witaj-swiecie\/#breadcrumb\",\"itemListElement\":[{\"@type\":\"ListItem\",\"position\":1,\"name\":\"Strona g\u0142\u00f3wna\",\"item\":\"https:\/\/galakomediowa.pl\/\"},{\"@type\":\"ListItem\",\"position\":2,\"name\":\"Witaj, \u015bwiecie!\"}]},{\"@type\":\"WebSite\",\"@id\":\"https:\/\/galakomediowa.pl\/#website\",\"url\":\"https:\/\/galakomediowa.pl\/\",\"name\":\"Komediowa Gala Charytatywna\",\"description\":\"Ju\u017c 13 czerwca - trzecia edycja gali!\",\"publisher\":{\"@id\":\"https:\/\/galakomediowa.pl\/#organization\"},\"potentialAction\":[{\"@type\":\"SearchAction\",\"target\":{\"@type\":\"EntryPoint\",\"urlTemplate\":\"https:\/\/galakomediowa.pl\/?s={search_term_string}\"},\"query-input\":{\"@type\":\"PropertyValueSpecification\",\"valueRequired\":true,\"valueName\":\"search_term_string\"}}],\"inLanguage\":\"pl-PL\"},{\"@type\":\"Organization\",\"@id\":\"https:\/\/galakomediowa.pl\/#organization\",\"name\":\"Komediowa Gala Charytatywna\",\"url\":\"https:\/\/galakomediowa.pl\/\",\"logo\":{\"@type\":\"ImageObject\",\"inLanguage\":\"pl-PL\",\"@id\":\"https:\/\/galakomediowa.pl\/#\/schema\/logo\/image\/\",\"url\":\"https:\/\/galakomediowa.pl\/wp-content\/uploads\/2025\/05\/tlo.png\",\"contentUrl\":\"https:\/\/galakomediowa.pl\/wp-content\/uploads\/2025\/05\/tlo.png\",\"width\":904,\"height\":517,\"caption\":\"Komediowa Gala Charytatywna\"},\"image\":{\"@id\":\"https:\/\/galakomediowa.pl\/#\/schema\/logo\/image\/\"},\"sameAs\":[\"https:\/\/www.facebook.com\/WystarczyChciecPL\"]},{\"@type\":\"Person\",\"@id\":\"https:\/\/galakomediowa.pl\/#\/schema\/person\/a21df505c5c594ddda2eee30ba466dd1\",\"name\":\"zaodrze\",\"image\":{\"@type\":\"ImageObject\",\"inLanguage\":\"pl-PL\",\"@id\":\"https:\/\/galakomediowa.pl\/#\/schema\/person\/image\/\",\"url\":\"https:\/\/secure.gravatar.com\/avatar\/22cf99c4f45a12d5e3a611db0ff949d97eb19631b81ffb9d114136241e63fb80?s=96&d=mm&r=g\",\"contentUrl\":\"https:\/\/secure.gravatar.com\/avatar\/22cf99c4f45a12d5e3a611db0ff949d97eb19631b81ffb9d114136241e63fb80?s=96&d=mm&r=g\",\"caption\":\"zaodrze\"},\"sameAs\":[\"http:\/\/wordpress2220580.home.pl\/autoinstalator\/wordpressplugins6\"],\"url\":\"https:\/\/galakomediowa.pl\/index.php\/author\/zaodrze\/\"}]}<\/script>\n<!-- \/ Yoast SEO plugin. -->","yoast_head_json":{"title":"Witaj, \u015bwiecie! - Komediowa Gala Charytatywna","robots":{"index":"index","follow":"follow","max-snippet":"max-snippet:-1","max-image-preview":"max-image-preview:large","max-video-preview":"max-video-preview:-1"},"canonical":"https:\/\/galakomediowa.pl\/index.php\/2023\/06\/12\/witaj-swiecie\/","og_locale":"pl_PL","og_type":"article","og_title":"Witaj, \u015bwiecie! - Komediowa Gala Charytatywna","og_description":"Witamy w WordPressie. To jest tw\u00f3j pierwszy wpis. Edytuj go lub usu\u0144, a nast\u0119pnie zacznij pisa\u0107!","og_url":"https:\/\/galakomediowa.pl\/index.php\/2023\/06\/12\/witaj-swiecie\/","og_site_name":"Komediowa Gala Charytatywna","article_publisher":"https:\/\/www.facebook.com\/WystarczyChciecPL","article_published_time":"2023-06-12T10:03:04+00:00","author":"zaodrze","twitter_card":"summary_large_image","twitter_misc":{"Napisane przez":"zaodrze"},"schema":{"@context":"https:\/\/schema.org","@graph":[{"@type":"Article","@id":"https:\/\/galakomediowa.pl\/index.php\/2023\/06\/12\/witaj-swiecie\/#article","isPartOf":{"@id":"https:\/\/galakomediowa.pl\/index.php\/2023\/06\/12\/witaj-swiecie\/"},"author":{"name":"zaodrze","@id":"https:\/\/galakomediowa.pl\/#\/schema\/person\/a21df505c5c594ddda2eee30ba466dd1"},"headline":"Witaj, \u015bwiecie!","datePublished":"2023-06-12T10:03:04+00:00","mainEntityOfPage":{"@id":"https:\/\/galakomediowa.pl\/index.php\/2023\/06\/12\/witaj-swiecie\/"},"wordCount":20,"commentCount":1,"publisher":{"@id":"https:\/\/galakomediowa.pl\/#organization"},"inLanguage":"pl-PL","potentialAction":[{"@type":"CommentAction","name":"Comment","target":["https:\/\/galakomediowa.pl\/index.php\/2023\/06\/12\/witaj-swiecie\/#respond"]}]},{"@type":"WebPage","@id":"https:\/\/galakomediowa.pl\/index.php\/2023\/06\/12\/witaj-swiecie\/","url":"https:\/\/galakomediowa.pl\/index.php\/2023\/06\/12\/witaj-swiecie\/","name":"Witaj, \u015bwiecie! - Komediowa Gala Charytatywna","isPartOf":{"@id":"https:\/\/galakomediowa.pl\/#website"},"datePublished":"2023-06-12T10:03:04+00:00","breadcrumb":{"@id":"https:\/\/galakomediowa.pl\/index.php\/2023\/06\/12\/witaj-swiecie\/#breadcrumb"},"inLanguage":"pl-PL","potentialAction":[{"@type":"ReadAction","target":["https:\/\/galakomediowa.pl\/index.php\/2023\/06\/12\/witaj-swiecie\/"]}]},{"@type":"BreadcrumbList","@id":"https:\/\/galakomediowa.pl\/index.php\/2023\/06\/12\/witaj-swiecie\/#breadcrumb","itemListElement":[{"@type":"ListItem","position":1,"name":"Strona g\u0142\u00f3wna","item":"https:\/\/galakomediowa.pl\/"},{"@type":"ListItem","position":2,"name":"Witaj, \u015bwiecie!"}]},{"@type":"WebSite","@id":"https:\/\/galakomediowa.pl\/#website","url":"https:\/\/galakomediowa.pl\/","name":"Komediowa Gala Charytatywna","description":"Ju\u017c 13 czerwca - trzecia edycja gali!","publisher":{"@id":"https:\/\/galakomediowa.pl\/#organization"},"potentialAction":[{"@type":"SearchAction","target":{"@type":"EntryPoint","urlTemplate":"https:\/\/galakomediowa.pl\/?s={search_term_string}"},"query-input":{"@type":"PropertyValueSpecification","valueRequired":true,"valueName":"search_term_string"}}],"inLanguage":"pl-PL"},{"@type":"Organization","@id":"https:\/\/galakomediowa.pl\/#organization","name":"Komediowa Gala Charytatywna","url":"https:\/\/galakomediowa.pl\/","logo":{"@type":"ImageObject","inLanguage":"pl-PL","@id":"https:\/\/galakomediowa.pl\/#\/schema\/logo\/image\/","url":"https:\/\/galakomediowa.pl\/wp-content\/uploads\/2025\/05\/tlo.png","contentUrl":"https:\/\/galakomediowa.pl\/wp-content\/uploads\/2025\/05\/tlo.png","width":904,"height":517,"caption":"Komediowa Gala Charytatywna"},"image":{"@id":"https:\/\/galakomediowa.pl\/#\/schema\/logo\/image\/"},"sameAs":["https:\/\/www.facebook.com\/WystarczyChciecPL"]},{"@type":"Person","@id":"https:\/\/galakomediowa.pl\/#\/schema\/person\/a21df505c5c594ddda2eee30ba466dd1","name":"zaodrze","image":{"@type":"ImageObject","inLanguage":"pl-PL","@id":"https:\/\/galakomediowa.pl\/#\/schema\/person\/image\/","url":"https:\/\/secure.gravatar.com\/avatar\/22cf99c4f45a12d5e3a611db0ff949d97eb19631b81ffb9d114136241e63fb80?s=96&d=mm&r=g","contentUrl":"https:\/\/secure.gravatar.com\/avatar\/22cf99c4f45a12d5e3a611db0ff949d97eb19631b81ffb9d114136241e63fb80?s=96&d=mm&r=g","caption":"zaodrze"},"sameAs":["http:\/\/wordpress2220580.home.pl\/autoinstalator\/wordpressplugins6"],"url":"https:\/\/galakomediowa.pl\/index.php\/author\/zaodrze\/"}]}},"_links":{"self":[{"href":"https:\/\/galakomediowa.pl\/index.php\/wp-json\/wp\/v2\/posts\/1","targetHints":{"allow":["GET"]}}],"collection":[{"href":"https:\/\/galakomediowa.pl\/index.php\/wp-json\/wp\/v2\/posts"}],"about":[{"href":"https:\/\/galakomediowa.pl\/index.php\/wp-json\/wp\/v2\/types\/post"}],"author":[{"embeddable":true,"href":"https:\/\/galakomediowa.pl\/index.php\/wp-json\/wp\/v2\/users\/1"}],"replies":[{"embeddable":true,"href":"https:\/\/galakomediowa.pl\/index.php\/wp-json\/wp\/v2\/comments?post=1"}],"version-history":[{"count":0,"href":"https:\/\/galakomediowa.pl\/index.php\/wp-json\/wp\/v2\/posts\/1\/revisions"}],"wp:attachment":[{"href":"https:\/\/galakomediowa.pl\/index.php\/wp-json\/wp\/v2\/media?parent=1"}],"wp:term":[{"taxonomy":"category","embeddable":true,"href":"https:\/\/galakomediowa.pl\/index.php\/wp-json\/wp\/v2\/categories?post=1"},{"taxonomy":"post_tag","embeddable":true,"href":"https:\/\/galakomediowa.pl\/index.php\/wp-json\/wp\/v2\/tags?post=1"}],"curies":[{"name":"wp","href":"https:\/\/api.w.org\/{rel}","templated":true}]}}